{"id":1,"date":"2018-01-03T23:42:11","date_gmt":"2018-01-03T20:42:11","guid":{"rendered":"http:\/\/tonguclar.com.tr\/?p=1"},"modified":"2018-02-12T02:37:58","modified_gmt":"2018-02-11T23:37:58","slug":"fabrikamiz-hizmete-acildi","status":"publish","type":"post","link":"https:\/\/tonguclar.com.tr\/?p=1","title":{"rendered":"FABR\u0130KAMIZ"},"content":{"rendered":"<p>28 TEMMUZ 2010 DA FABR\u0130KAMIZ H\u0130ZMETE A\u00c7ILDI;<\/p>\n<p><!--more--><\/p>\n<p>YAKLA\u015eIK 2000\u00a0FINDIK \u00dcRET\u0130C\u0130S\u0130N\u0130N\u00a0KATILDI\u011eI B\u00dcY\u00dcK B\u0130R KALABALIK \u0130LE FABR\u0130KAMIZIN A\u00c7ILI\u015eINI KANDIRA BELED\u0130YE BA\u015eKANI CENG\u0130Z KAN YAPTI.KAN B\u00d6YLE B\u0130R YATIRIMI KANDIRA KAZANDIRAN RAS\u0130M TONGU\u00c7 VE O\u011eLU MURAT TONGU\u00c7 A TE\u015eEKK\u00dcRLER\u0130N\u0130 \u0130LETT\u0130.<\/p>\n<p>A\u00c7ILI\u015eA KATILANLAR ARASINDA KAMU G\u00d6REVL\u0130 M\u00dcD\u00dcR VE YARDIMCILARI,BANKA M\u00dcD\u00dcRLER\u0130,Z\u0130RAAT ODASI BA\u015eKANI VE EK\u0130B\u0130N\u0130N YANISIRA B\u0130R \u00c7OK KAMU VE \u00d6ZEL KURULU\u015e TEMS\u0130LC\u0130LER\u0130 KATILDI.YAPILAN YORUMLARDA KANDIRADA B\u00d6YLE B\u0130R A\u00c7ILI\u015eIN DAHA \u00d6NCE YAPILMADI\u011eI VE B\u00d6YLES\u0130NE HALKIN A\u00c7IK DAVET\u0130 \u0130LE B\u0130R A\u00c7ILI\u015eIN DAHA GER\u00c7EKLE\u015eT\u0130R\u0130LEB\u0130LECE\u011e\u0130N\u0130N ZOR OLDU\u011eU KAYDED\u0130LD\u0130.A\u00c7ILI\u015e MEVL\u00dcT VE KURAN-I KER\u0130M OKUNMASI \u0130LE BA\u015eLADI\u00a0, KATILAN HERKEZE YEMEK \u0130KRAM ED\u0130LD\u0130.<\/p>\n<p>&nbsp;<\/p>\n<p><img loading=\"lazy\" class=\"alignnone wp-image-95\" src=\"http:\/\/tonguclar.com.tr\/wp-content\/uploads\/2018\/01\/IMG_6953-300x180.jpg\" alt=\"\" width=\"400\" height=\"240\" \/>\u00a0 \u00a0 \u00a0\u00a0 <img loading=\"lazy\" class=\"alignnone wp-image-96\" src=\"http:\/\/tonguclar.com.tr\/wp-content\/uploads\/2018\/01\/IMG_6962-300x180.jpg\" alt=\"\" width=\"400\" height=\"240\" \/><\/p>\n","protected":false},"excerpt":{"rendered":"<p>28 TEMMUZ 2010 DA FABR\u0130KAMIZ H\u0130ZMETE A\u00c7ILDI;<\/p>\n","protected":false},"author":3,"featured_media":317,"comment_status":"open","ping_status":"open","sticky":false,"template":"","format":"standard","meta":[],"categories":[3,4,1],"tags":[5,6],"_links":{"self":[{"href":"https:\/\/tonguclar.com.tr\/index.php?rest_route=\/wp\/v2\/posts\/1"}],"collection":[{"href":"https:\/\/tonguclar.com.tr\/index.php?rest_route=\/wp\/v2\/posts"}],"about":[{"href":"https:\/\/tonguclar.com.tr\/index.php?rest_route=\/wp\/v2\/types\/post"}],"author":[{"embeddable":true,"href":"https:\/\/tonguclar.com.tr\/index.php?rest_route=\/wp\/v2\/users\/3"}],"replies":[{"embeddable":true,"href":"https:\/\/tonguclar.com.tr\/index.php?rest_route=%2Fwp%2Fv2%2Fcomments&post=1"}],"version-history":[{"count":11,"href":"https:\/\/tonguclar.com.tr\/index.php?rest_route=\/wp\/v2\/posts\/1\/revisions"}],"predecessor-version":[{"id":149,"href":"https:\/\/tonguclar.com.tr\/index.php?rest_route=\/wp\/v2\/posts\/1\/revisions\/149"}],"wp:featuredmedia":[{"embeddable":true,"href":"https:\/\/tonguclar.com.tr\/index.php?rest_route=\/wp\/v2\/media\/317"}],"wp:attachment":[{"href":"https:\/\/tonguclar.com.tr\/index.php?rest_route=%2Fwp%2Fv2%2Fmedia&parent=1"}],"wp:term":[{"taxonomy":"category","embeddable":true,"href":"https:\/\/tonguclar.com.tr\/index.php?rest_route=%2Fwp%2Fv2%2Fcategories&post=1"},{"taxonomy":"post_tag","embeddable":true,"href":"https:\/\/tonguclar.com.tr\/index.php?rest_route=%2Fwp%2Fv2%2Ftags&post=1"}],"curies":[{"name":"wp","href":"https:\/\/api.w.org\/{rel}","templated":true}]}}